{"id":1633,"date":"2020-03-30T16:32:58","date_gmt":"2020-03-30T14:32:58","guid":{"rendered":"http:\/\/www.bellezzainfarmaciaonline.net\/wp\/?p=1633"},"modified":"2020-03-30T16:32:58","modified_gmt":"2020-03-30T14:32:58","slug":"cosmofarma-rinviata-a-ottobre","status":"publish","type":"post","link":"https:\/\/www.bellezzainfarmaciaonline.net\/wp\/?p=1633","title":{"rendered":"COSMOFARMA RINVIATA A OTTOBRE"},"content":{"rendered":"<p>La 24a edizione di Cosmofarma Exhibition \u00e8 stata posticipata a ottobre 2020, pi\u00f9 precisamente da gioved\u00ec 29 a sabato 31.<br \/>\nA pesare sulla decisione degli organizzatori, sia la necessit\u00e0 di allontanarsi dal periodo di emergenza sanitaria, ma anche la non sovrapposizione con altri eventi per la categoria e, non ultimo ovviamente, la disponibilit\u00e0 del quartiere fieristico.<br \/>\nSei mesi di attesa, dunque, per questo importante momento di incontro e di business per tutto il mondo della farmacia e tanti nuovi contenuti e momenti di confronto alimenteranno questa inedita edizione autunnale, rendendo il posticipo ancora pi\u00f9 ricco di significato.<\/p>\n<p style=\"text-align: center;\"><a href=\"http:\/\/www.bellezzainfarmaciaonline.net\/wp\/wp-content\/uploads\/2020\/03\/Cosmofarma-Exhibition.png\"><img decoding=\"async\" loading=\"lazy\" class=\"alignnone size-medium wp-image-1634\" src=\"http:\/\/www.bellezzainfarmaciaonline.net\/wp\/wp-content\/uploads\/2020\/03\/Cosmofarma-Exhibition-300x169.png\" alt=\"\" width=\"300\" height=\"169\" srcset=\"https:\/\/www.bellezzainfarmaciaonline.net\/wp\/wp-content\/uploads\/2020\/03\/Cosmofarma-Exhibition-300x169.png 300w, https:\/\/www.bellezzainfarmaciaonline.net\/wp\/wp-content\/uploads\/2020\/03\/Cosmofarma-Exhibition.png 516w\" sizes=\"(max-width: 300px) 100vw, 300px\" \/><\/a><\/p>\n","protected":false},"excerpt":{"rendered":"<p>La 24a edizione di Cosmofarma Exhibition \u00e8 stata posticipata a ottobre 2020, pi\u00f9 precisamente da gioved\u00ec 29 a sabato 31. A pesare sulla decisione degli organizzatori, sia la necessit\u00e0 di allontanarsi dal periodo di&#46;&#46;&#46;<\/p>\n","protected":false},"author":1,"featured_media":0,"comment_status":"closed","ping_status":"open","sticky":false,"template":"","format":"standard","meta":[],"categories":[6],"tags":[],"_links":{"self":[{"href":"https:\/\/www.bellezzainfarmaciaonline.net\/wp\/index.php?rest_route=\/wp\/v2\/posts\/1633"}],"collection":[{"href":"https:\/\/www.bellezzainfarmaciaonline.net\/wp\/index.php?rest_route=\/wp\/v2\/posts"}],"about":[{"href":"https:\/\/www.bellezzainfarmaciaonline.net\/wp\/index.php?rest_route=\/wp\/v2\/types\/post"}],"author":[{"embeddable":true,"href":"https:\/\/www.bellezzainfarmaciaonline.net\/wp\/index.php?rest_route=\/wp\/v2\/users\/1"}],"replies":[{"embeddable":true,"href":"https:\/\/www.bellezzainfarmaciaonline.net\/wp\/index.php?rest_route=%2Fwp%2Fv2%2Fcomments&post=1633"}],"version-history":[{"count":1,"href":"https:\/\/www.bellezzainfarmaciaonline.net\/wp\/index.php?rest_route=\/wp\/v2\/posts\/1633\/revisions"}],"predecessor-version":[{"id":1635,"href":"https:\/\/www.bellezzainfarmaciaonline.net\/wp\/index.php?rest_route=\/wp\/v2\/posts\/1633\/revisions\/1635"}],"wp:attachment":[{"href":"https:\/\/www.bellezzainfarmaciaonline.net\/wp\/index.php?rest_route=%2Fwp%2Fv2%2Fmedia&parent=1633"}],"wp:term":[{"taxonomy":"category","embeddable":true,"href":"https:\/\/www.bellezzainfarmaciaonline.net\/wp\/index.php?rest_route=%2Fwp%2Fv2%2Fcategories&post=1633"},{"taxonomy":"post_tag","embeddable":true,"href":"https:\/\/www.bellezzainfarmaciaonline.net\/wp\/index.php?rest_route=%2Fwp%2Fv2%2Ftags&post=1633"}],"curies":[{"name":"wp","href":"https:\/\/api.w.org\/{rel}","templated":true}]}}