{"id":1989,"date":"2022-04-12T17:09:19","date_gmt":"2022-04-12T15:09:19","guid":{"rendered":"http:\/\/www.bellezzainfarmaciaonline.net\/wp\/?p=1989"},"modified":"2022-04-12T17:09:19","modified_gmt":"2022-04-12T15:09:19","slug":"presentate-a-milano-exposanita-e-cosmofarma-in-calendario-a-bologna-dall11-al-15-maggio","status":"publish","type":"post","link":"https:\/\/www.bellezzainfarmaciaonline.net\/wp\/?p=1989","title":{"rendered":"Presentate a Milano Exposanit\u00e0 e Cosmofarma, in calendario a Bologna dall&#8217;11 al 15 maggio"},"content":{"rendered":"<div class=\"kvgmc6g5 cxmmr5t8 oygrvhab hcukyx3x c1et5uql ii04i59q\">\n<div dir=\"auto\">Presentate oggi a Milano &#8211; nella suggestiva cornice della Torre PwC di CityLife &#8211; Exposanit\u00e0 e Cosmofarma, le due manifestazioni per eccellenza della Sanit\u00e0 e della Farmacia, che si terranno congiuntamente a maggio a Bologna: dall\u201911 al 13 la prima e dal 13 al 15 la seconda.<\/div>\n<div dir=\"auto\">Cosmofarma torna alla sua calendarizzazione primaverile, dopo il difficile periodo di pandemia, che ha visto la Farmacia rafforzare il proprio ruolo come primario presidio territoriale a servizio del cittadino.<\/div>\n<div dir=\"auto\">La relazione \u00e8 al centro della campagna di comunicazione di questa edizione, in quanto fondamento dell&#8217;attivit\u00e0 quotidiana del farmacista, ma sar\u00e0 centrale anche negli oltre 60 appuntamenti, tra convegni e seminari, che faranno il punto sulle sfide future del settore.<\/div>\n<div dir=\"auto\">Un modello di farmacia, quello improntato alla relazione, attento alle esigenze di salute dei cittadini con risposte tempestive ed efficaci: &#8220;Questa evoluzione si innesta nel pi\u00f9 ampio processo di riorganizzazione dell\u2019assistenza sanitaria, al quale le farmacie possono dare un contributo fondamentale in virt\u00f9 della loro capillarit\u00e0 sul territorio, in sinergia con tutti gli attori del sistema &#8211; ha dichiarato in conferenza Marco Cossolo, presidente di Federfarma nazionale.<\/div>\n<\/div>\n<div class=\"cxmmr5t8 oygrvhab hcukyx3x c1et5uql o9v6fnle ii04i59q\">\n<div dir=\"auto\">Tutte le novit\u00e0 dell&#8217;edizione 2022 e il calendario convegni sono disponibili sul sito:<\/div>\n<div dir=\"auto\"><a class=\"oajrlxb2 g5ia77u1 qu0x051f esr5mh6w e9989ue4 r7d6kgcz rq0escxv nhd2j8a9 nc684nl6 p7hjln8o kvgmc6g5 cxmmr5t8 oygrvhab hcukyx3x jb3vyjys rz4wbd8a qt6c0cv9 a8nywdso i1ao9s8h esuyzwwr f1sip0of lzcic4wl gpro0wi8 py34i1dx\" tabindex=\"0\" role=\"link\" href=\"https:\/\/l.facebook.com\/l.php?u=http%3A%2F%2Fwww.cosmofarma.com%2F%3Ffbclid%3DIwAR1aO6_-ti1yDc-B0wiSBcP85CIVKnhr5HxfxGYkec0WZUunLq0M2RLRwRY&amp;h=AT0l7_607CVTPzMipNxKHzcOK5hrWJLYXoNRGWirSZmcPo-I4oLAij8mWTRHtkyOBA2JjCTzfP7nUvQguxK72ldhkpYfoXuJvDfvJICMkeYf9mWSenfrDmSrcMZ2SHZ1&amp;__tn__=-UK-R&amp;c[0]=AT0aQaVztW6grkR-KQxXgGLEw8K7sTYFi_DY8WKO3Kjo646ork2-5O9HVRXTN8IFscxPypixv3f6g-P5cLlHheBb2XRlz0TZ6hTjXM9e8jtAPg8olpB0t97KGQvWnrpEA1EWrVTlU_BlP4-LUN3mEA16Rjjx6jaryL8tsxwVtlguk2WKKqr0RW3ZUZvYLbYvSo15hK4Y\" target=\"_blank\" rel=\"nofollow noopener\">www.cosmofarma.com<\/a><\/div>\n<\/div>\n<div dir=\"auto\"><\/div>\n<div dir=\"auto\" style=\"text-align: center;\"><a href=\"http:\/\/www.bellezzainfarmaciaonline.net\/wp\/wp-content\/uploads\/2022\/04\/Cosmofarma_immagine_nuova_7072641_View-e1638463220718.jpg\"><img decoding=\"async\" loading=\"lazy\" class=\"alignnone size-full wp-image-1990\" src=\"http:\/\/www.bellezzainfarmaciaonline.net\/wp\/wp-content\/uploads\/2022\/04\/Cosmofarma_immagine_nuova_7072641_View-e1638463220718.jpg\" alt=\"\" width=\"300\" height=\"166\" \/><\/a><\/div>\n","protected":false},"excerpt":{"rendered":"<p>Presentate oggi a Milano &#8211; nella suggestiva cornice della Torre PwC di CityLife &#8211; Exposanit\u00e0 e Cosmofarma, le due manifestazioni per eccellenza della Sanit\u00e0 e della Farmacia, che si terranno congiuntamente a maggio a&#46;&#46;&#46;<\/p>\n","protected":false},"author":1,"featured_media":0,"comment_status":"closed","ping_status":"open","sticky":false,"template":"","format":"standard","meta":[],"categories":[7,6],"tags":[],"_links":{"self":[{"href":"https:\/\/www.bellezzainfarmaciaonline.net\/wp\/index.php?rest_route=\/wp\/v2\/posts\/1989"}],"collection":[{"href":"https:\/\/www.bellezzainfarmaciaonline.net\/wp\/index.php?rest_route=\/wp\/v2\/posts"}],"about":[{"href":"https:\/\/www.bellezzainfarmaciaonline.net\/wp\/index.php?rest_route=\/wp\/v2\/types\/post"}],"author":[{"embeddable":true,"href":"https:\/\/www.bellezzainfarmaciaonline.net\/wp\/index.php?rest_route=\/wp\/v2\/users\/1"}],"replies":[{"embeddable":true,"href":"https:\/\/www.bellezzainfarmaciaonline.net\/wp\/index.php?rest_route=%2Fwp%2Fv2%2Fcomments&post=1989"}],"version-history":[{"count":2,"href":"https:\/\/www.bellezzainfarmaciaonline.net\/wp\/index.php?rest_route=\/wp\/v2\/posts\/1989\/revisions"}],"predecessor-version":[{"id":1992,"href":"https:\/\/www.bellezzainfarmaciaonline.net\/wp\/index.php?rest_route=\/wp\/v2\/posts\/1989\/revisions\/1992"}],"wp:attachment":[{"href":"https:\/\/www.bellezzainfarmaciaonline.net\/wp\/index.php?rest_route=%2Fwp%2Fv2%2Fmedia&parent=1989"}],"wp:term":[{"taxonomy":"category","embeddable":true,"href":"https:\/\/www.bellezzainfarmaciaonline.net\/wp\/index.php?rest_route=%2Fwp%2Fv2%2Fcategories&post=1989"},{"taxonomy":"post_tag","embeddable":true,"href":"https:\/\/www.bellezzainfarmaciaonline.net\/wp\/index.php?rest_route=%2Fwp%2Fv2%2Ftags&post=1989"}],"curies":[{"name":"wp","href":"https:\/\/api.w.org\/{rel}","templated":true}]}}