{"id":643,"date":"2014-02-07T11:24:40","date_gmt":"2014-02-07T10:24:40","guid":{"rendered":"http:\/\/www.bellezzainfarmaciaonline.net\/wp\/?p=643"},"modified":"2014-02-07T11:25:04","modified_gmt":"2014-02-07T10:25:04","slug":"giunge-alla-xii-edizione-il-premio-donna-marketing-e-donna-comunicazione","status":"publish","type":"post","link":"https:\/\/www.bellezzainfarmaciaonline.net\/wp\/?p=643","title":{"rendered":"Giunge alla XII edizione il Premio \u201cDonna Marketing\u201d  e \u201cDonna Comunicazione\u201d"},"content":{"rendered":"<h4>Il Club del Marketing e della Comunicazione che organizza, presso l\u2019esclusivissimo Centro Comunicazione Bayer in Viale Certosa 130 a Milano, Marted\u00ec 11 febbraio dalle ore 18,00 indice l&#8217; Undicesima Edizione del <b>premio \u201cDonna Marketing \u201d , \u201cDonna Comunicazione Azienda\u201d e \u201cDonna Comunicazione Agenzia\u201d<\/b> per l&#8217;anno 2013\/2014.<br \/>\nIl significativo ed ambito riconoscimento viene assegnato per la dodicesima volta in Italia alle 3 &#8216;manager in rosa&#8217; che si sono particolarmente distinte per creativit\u00e0, innovazione, talento e professionalit\u00e0 nel difficile e competitivo comparto del Mar-Com costantemente in evoluzione.<!--more--><br \/>\n<b>Quest\u2019anno una novit\u00e0 assoluta consiste nel conferimento per la prima volta anche del \u201dPremio Donna Marketing Web\u201d<br \/>\n<\/b>Un grande evento, di risonanza nazionale, ed estremamente esclusivo per gli invitati selezionati e per la location prescelta.<br \/>\nSar\u00e0 un momento altamente significativo per tutta la Marketing &amp; Communication Community per il prestigio del premio, lo spessore professionale ed umano dei premiati, il livello qualitativo dei relatori e giornalisti.<br \/>\nUn confronto basato sulla meritocrazia alla ricerca dell&#8217;eccellenza per meglio definire ruoli e figure femminili del management del terzo millennio.<br \/>\nCome per le edizioni precendenti pi\u00f9 di 60.000 tra manager, consulenti, docenti e professionisti della Mar-Com Community sono stati invitati a votare esprimendo liberamente le proprie e personali preferenze.<br \/>\nChi tra le tante segnalate raggiunger\u00e0 il numero pi\u00f9 alto di voti nella sua categoria, sar\u00e0 insignita dell&#8217;autorevole Premio a &#8220;giuria allargata&#8221; .<br \/>\nIl meccanismo delle votazioni, di fatto, totalmente democratico e veritiero di una scelta incondizionata e spontanea, senza schematismi preordinati, fa si che il Premio sia \u201cvero\u201d e non artefatto o precostituito e pertanto rende ancora pi\u00f9 onore alle 4 vincitrici.<br \/>\nLa consegna dei premi sar\u00e0 preceduta dalla conferenza che ha per titolo:<br \/>\n<b style=\"line-height: 1.5em;\">\u201cSocial media Marketing, efficace per la ripresa?\u201d<\/b><\/h4>\n<p>&nbsp;<\/p>\n<p>&nbsp;<\/p>\n<p>&nbsp;<\/p>\n<p>&nbsp;<\/p>\n<p>&nbsp;<\/p>\n<p>&nbsp;<\/p>\n<p>&nbsp;<\/p>\n<p>&nbsp;<\/p>\n<p><span style=\"text-decoration: underline;\">\u00a0<\/span><\/p>\n","protected":false},"excerpt":{"rendered":"<p>Il Club del Marketing e della Comunicazione che organizza, presso l\u2019esclusivissimo Centro Comunicazione Bayer in Viale Certosa 130 a Milano, Marted\u00ec 11 febbraio dalle ore 18,00 indice l&#8217; Undicesima Edizione del premio \u201cDonna Marketing&#46;&#46;&#46;<\/p>\n","protected":false},"author":2,"featured_media":0,"comment_status":"closed","ping_status":"open","sticky":false,"template":"","format":"standard","meta":[],"categories":[7],"tags":[],"_links":{"self":[{"href":"https:\/\/www.bellezzainfarmaciaonline.net\/wp\/index.php?rest_route=\/wp\/v2\/posts\/643"}],"collection":[{"href":"https:\/\/www.bellezzainfarmaciaonline.net\/wp\/index.php?rest_route=\/wp\/v2\/posts"}],"about":[{"href":"https:\/\/www.bellezzainfarmaciaonline.net\/wp\/index.php?rest_route=\/wp\/v2\/types\/post"}],"author":[{"embeddable":true,"href":"https:\/\/www.bellezzainfarmaciaonline.net\/wp\/index.php?rest_route=\/wp\/v2\/users\/2"}],"replies":[{"embeddable":true,"href":"https:\/\/www.bellezzainfarmaciaonline.net\/wp\/index.php?rest_route=%2Fwp%2Fv2%2Fcomments&post=643"}],"version-history":[{"count":2,"href":"https:\/\/www.bellezzainfarmaciaonline.net\/wp\/index.php?rest_route=\/wp\/v2\/posts\/643\/revisions"}],"predecessor-version":[{"id":645,"href":"https:\/\/www.bellezzainfarmaciaonline.net\/wp\/index.php?rest_route=\/wp\/v2\/posts\/643\/revisions\/645"}],"wp:attachment":[{"href":"https:\/\/www.bellezzainfarmaciaonline.net\/wp\/index.php?rest_route=%2Fwp%2Fv2%2Fmedia&parent=643"}],"wp:term":[{"taxonomy":"category","embeddable":true,"href":"https:\/\/www.bellezzainfarmaciaonline.net\/wp\/index.php?rest_route=%2Fwp%2Fv2%2Fcategories&post=643"},{"taxonomy":"post_tag","embeddable":true,"href":"https:\/\/www.bellezzainfarmaciaonline.net\/wp\/index.php?rest_route=%2Fwp%2Fv2%2Ftags&post=643"}],"curies":[{"name":"wp","href":"https:\/\/api.w.org\/{rel}","templated":true}]}}